{"id":2956,"date":"2020-02-20T20:37:22","date_gmt":"2020-02-20T18:37:22","guid":{"rendered":"https:\/\/www.xertacatering.com\/sopar-de-nadal-dempresa-al-palauet\/"},"modified":"2020-08-28T18:54:23","modified_gmt":"2020-08-28T16:54:23","slug":"cena-navidad-empresa-el-palauet","status":"publish","type":"post","link":"https:\/\/www.xertacatering.com\/es\/cena-navidad-empresa-el-palauet\/","title":{"rendered":"Cena de navidad de empresa en el Palauet"},"content":{"rendered":"<p>[vc_row type=\u00bbin_container\u00bb full_screen_row_position=\u00bbmiddle\u00bb scene_position=\u00bbcenter\u00bb text_color=\u00bbdark\u00bb text_align=\u00bbleft\u00bb overlay_strength=\u00bb0.3&#8243; shape_divider_position=\u00bbbottom\u00bb bg_image_animation=\u00bbnone\u00bb][vc_column column_padding=\u00bbno-extra-padding\u00bb column_padding_position=\u00bball\u00bb background_color_opacity=\u00bb1&#8243; background_hover_color_opacity=\u00bb1&#8243; column_link_target=\u00bb_self\u00bb column_shadow=\u00bbnone\u00bb column_border_radius=\u00bbnone\u00bb width=\u00bb1\/1&#8243; tablet_width_inherit=\u00bbdefault\u00bb tablet_text_alignment=\u00bbdefault\u00bb phone_text_alignment=\u00bbdefault\u00bb column_border_width=\u00bbnone\u00bb column_border_style=\u00bbsolid\u00bb bg_image_animation=\u00bbnone\u00bb][vc_column_text]<\/p>\n<blockquote>\n<h4>La cena se celebr\u00f3 en el <a href=\"https:\/\/www.xertacatering.com\/es\/espacios\/el-palauet\/\" target=\"_blank\" rel=\"noopener noreferrer\">Palauet<\/a> de Barcelona, uno de los edificios m\u00e1s emblem\u00e1ticos del Passeig de Gr\u00e0cia.<\/h4>\n<\/blockquote>\n<p>[\/vc_column_text][\/vc_column][\/vc_row][vc_row type=\u00bbin_container\u00bb full_screen_row_position=\u00bbmiddle\u00bb scene_position=\u00bbcenter\u00bb text_color=\u00bbdark\u00bb text_align=\u00bbleft\u00bb overlay_strength=\u00bb0.3&#8243; shape_divider_position=\u00bbbottom\u00bb bg_image_animation=\u00bbnone\u00bb][vc_column column_padding=\u00bbno-extra-padding\u00bb column_padding_position=\u00bball\u00bb background_color_opacity=\u00bb1&#8243; background_hover_color_opacity=\u00bb1&#8243; column_link_target=\u00bb_self\u00bb column_shadow=\u00bbnone\u00bb column_border_radius=\u00bbnone\u00bb width=\u00bb1\/1&#8243; tablet_width_inherit=\u00bbdefault\u00bb tablet_text_alignment=\u00bbdefault\u00bb phone_text_alignment=\u00bbdefault\u00bb column_border_width=\u00bbnone\u00bb column_border_style=\u00bbsolid\u00bb bg_image_animation=\u00bbnone\u00bb][vc_gallery type=\u00bbimage_grid\u00bb images=\u00bb2912,2897,2918,2903,2894,2909,2900,2882,2891,2888,2879,2876,2873,2921,2870,2867,2942,2915,2936,2927,2930,2933,2906,2924,2939,2951&#8243; layout=\u00bb3&#8243; masonry_style=\u00bbtrue\u00bb bypass_image_cropping=\u00bbtrue\u00bb item_spacing=\u00bb4px\u00bb gallery_style=\u00bb7&#8243; load_in_animation=\u00bbfade_in\u00bb img_size=\u00bbfull\u00bb][\/vc_column][\/vc_row]<\/p>\n","protected":false},"excerpt":{"rendered":"<p>[vc_row type=\u00bbin_container\u00bb full_screen_row_position=\u00bbmiddle\u00bb scene_position=\u00bbcenter\u00bb text_color=\u00bbdark\u00bb text_align=\u00bbleft\u00bb overlay_strength=\u00bb0.3&#8243; shape_divider_position=\u00bbbottom\u00bb bg_image_animation=\u00bbnone\u00bb][vc_column column_padding=\u00bbno-extra-padding\u00bb column_padding_position=\u00bball\u00bb background_color_opacity=\u00bb1&#8243; background_hover_color_opacity=\u00bb1&#8243; column_link_target=\u00bb_self\u00bb column_shadow=\u00bbnone\u00bb column_border_radius=\u00bbnone\u00bb width=\u00bb1\/1&#8243; tablet_width_inherit=\u00bbdefault\u00bb tablet_text_alignment=\u00bbdefault\u00bb phone_text_alignment=\u00bbdefault\u00bb column_border_width=\u00bbnone\u00bb column_border_style=\u00bbsolid\u00bb bg_image_animation=\u00bbnone\u00bb][vc_column_text] La cena se celebr\u00f3 en el Palauet de Barcelona, uno de los edificios m\u00e1s emblem\u00e1ticos del Passeig de Gr\u00e0cia. [\/vc_column_text][\/vc_column][\/vc_row][vc_row type=\u00bbin_container\u00bb full_screen_row_position=\u00bbmiddle\u00bb scene_position=\u00bbcenter\u00bb text_color=\u00bbdark\u00bb text_align=\u00bbleft\u00bb overlay_strength=\u00bb0.3&#8243; shape_divider_position=\u00bbbottom\u00bb bg_image_animation=\u00bbnone\u00bb][vc_column column_padding=\u00bbno-extra-padding\u00bb column_padding_position=\u00bball\u00bb background_color_opacity=\u00bb1&#8243; background_hover_color_opacity=\u00bb1&#8243;&#8230;<\/p>\n","protected":false},"author":1,"featured_media":2926,"comment_status":"closed","ping_status":"closed","sticky":false,"template":"","format":"standard","meta":{"inline_featured_image":false,"_monsterinsights_skip_tracking":false,"_monsterinsights_sitenote_active":false,"_monsterinsights_sitenote_note":"","_monsterinsights_sitenote_category":0,"footnotes":""},"categories":[30],"tags":[],"class_list":["post-2956","post","type-post","status-publish","format-standard","has-post-thumbnail","hentry","category-sin-categorizar"],"yoast_head":"<!-- This site is optimized with the Yoast SEO plugin v26.9 - https:\/\/yoast.com\/product\/yoast-seo-wordpress\/ -->\n<title>Cena de navidad de empresa en el Palauet - Xerta Catering<\/title>\n<meta name=\"description\" content=\"La cena se celebr\u00f3 en el Palauet de Barcelona, uno de los edificios m\u00e1s emblem\u00e1ticos del Passeig de Gr\u00e0cia.\" \/>\n<meta name=\"robots\" content=\"index, follow, max-snippet:-1, max-image-preview:large, max-video-preview:-1\" \/>\n<link rel=\"canonical\" href=\"https:\/\/www.xertacatering.com\/es\/cena-navidad-empresa-el-palauet\/\" \/>\n<meta property=\"og:locale\" content=\"es_ES\" \/>\n<meta property=\"og:type\" content=\"article\" \/>\n<meta property=\"og:title\" content=\"Cena de navidad de empresa en el Palauet - Xerta Catering\" \/>\n<meta property=\"og:description\" content=\"La cena se celebr\u00f3 en el Palauet de Barcelona, uno de los edificios m\u00e1s emblem\u00e1ticos del Passeig de Gr\u00e0cia.\" \/>\n<meta property=\"og:url\" content=\"https:\/\/www.xertacatering.com\/es\/cena-navidad-empresa-el-palauet\/\" \/>\n<meta property=\"og:site_name\" content=\"Xerta Catering\" \/>\n<meta property=\"article:published_time\" content=\"2020-02-20T18:37:22+00:00\" \/>\n<meta property=\"article:modified_time\" content=\"2020-08-28T16:54:23+00:00\" \/>\n<meta property=\"og:image\" content=\"https:\/\/www.xertacatering.com\/wp-content\/uploads\/2020\/02\/xerta-catering-eventos-el-palau-navidad-25.jpg\" \/>\n\t<meta property=\"og:image:width\" content=\"1200\" \/>\n\t<meta property=\"og:image:height\" content=\"1798\" \/>\n\t<meta property=\"og:image:type\" content=\"image\/jpeg\" \/>\n<meta name=\"author\" content=\"Xerta Catering\" \/>\n<meta name=\"twitter:card\" content=\"summary_large_image\" \/>\n<meta name=\"twitter:label1\" content=\"Escrito por\" \/>\n\t<meta name=\"twitter:data1\" content=\"Xerta Catering\" \/>\n\t<meta name=\"twitter:label2\" content=\"Tiempo de lectura\" \/>\n\t<meta name=\"twitter:data2\" content=\"1 minuto\" \/>\n<script type=\"application\/ld+json\" class=\"yoast-schema-graph\">{\"@context\":\"https:\/\/schema.org\",\"@graph\":[{\"@type\":\"Article\",\"@id\":\"https:\/\/www.xertacatering.com\/es\/cena-navidad-empresa-el-palauet\/#article\",\"isPartOf\":{\"@id\":\"https:\/\/www.xertacatering.com\/es\/cena-navidad-empresa-el-palauet\/\"},\"author\":{\"name\":\"Xerta Catering\",\"@id\":\"https:\/\/www.xertacatering.com\/#\/schema\/person\/7c10c4b3d585842bbb9d9e982f5b0e51\"},\"headline\":\"Cena de navidad de empresa en el Palauet\",\"datePublished\":\"2020-02-20T18:37:22+00:00\",\"dateModified\":\"2020-08-28T16:54:23+00:00\",\"mainEntityOfPage\":{\"@id\":\"https:\/\/www.xertacatering.com\/es\/cena-navidad-empresa-el-palauet\/\"},\"wordCount\":233,\"image\":{\"@id\":\"https:\/\/www.xertacatering.com\/es\/cena-navidad-empresa-el-palauet\/#primaryimage\"},\"thumbnailUrl\":\"https:\/\/www.xertacatering.com\/wp-content\/uploads\/2020\/02\/xerta-catering-eventos-el-palau-navidad-25.jpg\",\"articleSection\":[\"Sin categorizar\"],\"inLanguage\":\"es\"},{\"@type\":\"WebPage\",\"@id\":\"https:\/\/www.xertacatering.com\/es\/cena-navidad-empresa-el-palauet\/\",\"url\":\"https:\/\/www.xertacatering.com\/es\/cena-navidad-empresa-el-palauet\/\",\"name\":\"Cena de navidad de empresa en el Palauet - Xerta Catering\",\"isPartOf\":{\"@id\":\"https:\/\/www.xertacatering.com\/#website\"},\"primaryImageOfPage\":{\"@id\":\"https:\/\/www.xertacatering.com\/es\/cena-navidad-empresa-el-palauet\/#primaryimage\"},\"image\":{\"@id\":\"https:\/\/www.xertacatering.com\/es\/cena-navidad-empresa-el-palauet\/#primaryimage\"},\"thumbnailUrl\":\"https:\/\/www.xertacatering.com\/wp-content\/uploads\/2020\/02\/xerta-catering-eventos-el-palau-navidad-25.jpg\",\"datePublished\":\"2020-02-20T18:37:22+00:00\",\"dateModified\":\"2020-08-28T16:54:23+00:00\",\"author\":{\"@id\":\"https:\/\/www.xertacatering.com\/#\/schema\/person\/7c10c4b3d585842bbb9d9e982f5b0e51\"},\"description\":\"La cena se celebr\u00f3 en el Palauet de Barcelona, uno de los edificios m\u00e1s emblem\u00e1ticos del Passeig de Gr\u00e0cia.\",\"breadcrumb\":{\"@id\":\"https:\/\/www.xertacatering.com\/es\/cena-navidad-empresa-el-palauet\/#breadcrumb\"},\"inLanguage\":\"es\",\"potentialAction\":[{\"@type\":\"ReadAction\",\"target\":[\"https:\/\/www.xertacatering.com\/es\/cena-navidad-empresa-el-palauet\/\"]}]},{\"@type\":\"ImageObject\",\"inLanguage\":\"es\",\"@id\":\"https:\/\/www.xertacatering.com\/es\/cena-navidad-empresa-el-palauet\/#primaryimage\",\"url\":\"https:\/\/www.xertacatering.com\/wp-content\/uploads\/2020\/02\/xerta-catering-eventos-el-palau-navidad-25.jpg\",\"contentUrl\":\"https:\/\/www.xertacatering.com\/wp-content\/uploads\/2020\/02\/xerta-catering-eventos-el-palau-navidad-25.jpg\",\"width\":1200,\"height\":1798,\"caption\":\"xerta-catering-eventos-el-palau-navidad-nadal-christmas-part baker mckenzie\"},{\"@type\":\"BreadcrumbList\",\"@id\":\"https:\/\/www.xertacatering.com\/es\/cena-navidad-empresa-el-palauet\/#breadcrumb\",\"itemListElement\":[{\"@type\":\"ListItem\",\"position\":1,\"name\":\"Portada\",\"item\":\"https:\/\/www.xertacatering.com\/es\/\"},{\"@type\":\"ListItem\",\"position\":2,\"name\":\"Cena de navidad de empresa en el Palauet\"}]},{\"@type\":\"WebSite\",\"@id\":\"https:\/\/www.xertacatering.com\/#website\",\"url\":\"https:\/\/www.xertacatering.com\/\",\"name\":\"Xerta Catering\",\"description\":\"Gastronom\u00eda y servicio con Estrella Michelin\",\"potentialAction\":[{\"@type\":\"SearchAction\",\"target\":{\"@type\":\"EntryPoint\",\"urlTemplate\":\"https:\/\/www.xertacatering.com\/?s={search_term_string}\"},\"query-input\":{\"@type\":\"PropertyValueSpecification\",\"valueRequired\":true,\"valueName\":\"search_term_string\"}}],\"inLanguage\":\"es\"},{\"@type\":\"Person\",\"@id\":\"https:\/\/www.xertacatering.com\/#\/schema\/person\/7c10c4b3d585842bbb9d9e982f5b0e51\",\"name\":\"Xerta Catering\",\"url\":\"https:\/\/www.xertacatering.com\/es\/author\/villaretiro\/\"}]}<\/script>\n<!-- \/ Yoast SEO plugin. -->","yoast_head_json":{"title":"Cena de navidad de empresa en el Palauet - Xerta Catering","description":"La cena se celebr\u00f3 en el Palauet de Barcelona, uno de los edificios m\u00e1s emblem\u00e1ticos del Passeig de Gr\u00e0cia.","robots":{"index":"index","follow":"follow","max-snippet":"max-snippet:-1","max-image-preview":"max-image-preview:large","max-video-preview":"max-video-preview:-1"},"canonical":"https:\/\/www.xertacatering.com\/es\/cena-navidad-empresa-el-palauet\/","og_locale":"es_ES","og_type":"article","og_title":"Cena de navidad de empresa en el Palauet - Xerta Catering","og_description":"La cena se celebr\u00f3 en el Palauet de Barcelona, uno de los edificios m\u00e1s emblem\u00e1ticos del Passeig de Gr\u00e0cia.","og_url":"https:\/\/www.xertacatering.com\/es\/cena-navidad-empresa-el-palauet\/","og_site_name":"Xerta Catering","article_published_time":"2020-02-20T18:37:22+00:00","article_modified_time":"2020-08-28T16:54:23+00:00","og_image":[{"width":1200,"height":1798,"url":"https:\/\/www.xertacatering.com\/wp-content\/uploads\/2020\/02\/xerta-catering-eventos-el-palau-navidad-25.jpg","type":"image\/jpeg"}],"author":"Xerta Catering","twitter_card":"summary_large_image","twitter_misc":{"Escrito por":"Xerta Catering","Tiempo de lectura":"1 minuto"},"schema":{"@context":"https:\/\/schema.org","@graph":[{"@type":"Article","@id":"https:\/\/www.xertacatering.com\/es\/cena-navidad-empresa-el-palauet\/#article","isPartOf":{"@id":"https:\/\/www.xertacatering.com\/es\/cena-navidad-empresa-el-palauet\/"},"author":{"name":"Xerta Catering","@id":"https:\/\/www.xertacatering.com\/#\/schema\/person\/7c10c4b3d585842bbb9d9e982f5b0e51"},"headline":"Cena de navidad de empresa en el Palauet","datePublished":"2020-02-20T18:37:22+00:00","dateModified":"2020-08-28T16:54:23+00:00","mainEntityOfPage":{"@id":"https:\/\/www.xertacatering.com\/es\/cena-navidad-empresa-el-palauet\/"},"wordCount":233,"image":{"@id":"https:\/\/www.xertacatering.com\/es\/cena-navidad-empresa-el-palauet\/#primaryimage"},"thumbnailUrl":"https:\/\/www.xertacatering.com\/wp-content\/uploads\/2020\/02\/xerta-catering-eventos-el-palau-navidad-25.jpg","articleSection":["Sin categorizar"],"inLanguage":"es"},{"@type":"WebPage","@id":"https:\/\/www.xertacatering.com\/es\/cena-navidad-empresa-el-palauet\/","url":"https:\/\/www.xertacatering.com\/es\/cena-navidad-empresa-el-palauet\/","name":"Cena de navidad de empresa en el Palauet - Xerta Catering","isPartOf":{"@id":"https:\/\/www.xertacatering.com\/#website"},"primaryImageOfPage":{"@id":"https:\/\/www.xertacatering.com\/es\/cena-navidad-empresa-el-palauet\/#primaryimage"},"image":{"@id":"https:\/\/www.xertacatering.com\/es\/cena-navidad-empresa-el-palauet\/#primaryimage"},"thumbnailUrl":"https:\/\/www.xertacatering.com\/wp-content\/uploads\/2020\/02\/xerta-catering-eventos-el-palau-navidad-25.jpg","datePublished":"2020-02-20T18:37:22+00:00","dateModified":"2020-08-28T16:54:23+00:00","author":{"@id":"https:\/\/www.xertacatering.com\/#\/schema\/person\/7c10c4b3d585842bbb9d9e982f5b0e51"},"description":"La cena se celebr\u00f3 en el Palauet de Barcelona, uno de los edificios m\u00e1s emblem\u00e1ticos del Passeig de Gr\u00e0cia.","breadcrumb":{"@id":"https:\/\/www.xertacatering.com\/es\/cena-navidad-empresa-el-palauet\/#breadcrumb"},"inLanguage":"es","potentialAction":[{"@type":"ReadAction","target":["https:\/\/www.xertacatering.com\/es\/cena-navidad-empresa-el-palauet\/"]}]},{"@type":"ImageObject","inLanguage":"es","@id":"https:\/\/www.xertacatering.com\/es\/cena-navidad-empresa-el-palauet\/#primaryimage","url":"https:\/\/www.xertacatering.com\/wp-content\/uploads\/2020\/02\/xerta-catering-eventos-el-palau-navidad-25.jpg","contentUrl":"https:\/\/www.xertacatering.com\/wp-content\/uploads\/2020\/02\/xerta-catering-eventos-el-palau-navidad-25.jpg","width":1200,"height":1798,"caption":"xerta-catering-eventos-el-palau-navidad-nadal-christmas-part baker mckenzie"},{"@type":"BreadcrumbList","@id":"https:\/\/www.xertacatering.com\/es\/cena-navidad-empresa-el-palauet\/#breadcrumb","itemListElement":[{"@type":"ListItem","position":1,"name":"Portada","item":"https:\/\/www.xertacatering.com\/es\/"},{"@type":"ListItem","position":2,"name":"Cena de navidad de empresa en el Palauet"}]},{"@type":"WebSite","@id":"https:\/\/www.xertacatering.com\/#website","url":"https:\/\/www.xertacatering.com\/","name":"Xerta Catering","description":"Gastronom\u00eda y servicio con Estrella Michelin","potentialAction":[{"@type":"SearchAction","target":{"@type":"EntryPoint","urlTemplate":"https:\/\/www.xertacatering.com\/?s={search_term_string}"},"query-input":{"@type":"PropertyValueSpecification","valueRequired":true,"valueName":"search_term_string"}}],"inLanguage":"es"},{"@type":"Person","@id":"https:\/\/www.xertacatering.com\/#\/schema\/person\/7c10c4b3d585842bbb9d9e982f5b0e51","name":"Xerta Catering","url":"https:\/\/www.xertacatering.com\/es\/author\/villaretiro\/"}]}},"_links":{"self":[{"href":"https:\/\/www.xertacatering.com\/es\/wp-json\/wp\/v2\/posts\/2956","targetHints":{"allow":["GET"]}}],"collection":[{"href":"https:\/\/www.xertacatering.com\/es\/wp-json\/wp\/v2\/posts"}],"about":[{"href":"https:\/\/www.xertacatering.com\/es\/wp-json\/wp\/v2\/types\/post"}],"author":[{"embeddable":true,"href":"https:\/\/www.xertacatering.com\/es\/wp-json\/wp\/v2\/users\/1"}],"replies":[{"embeddable":true,"href":"https:\/\/www.xertacatering.com\/es\/wp-json\/wp\/v2\/comments?post=2956"}],"version-history":[{"count":0,"href":"https:\/\/www.xertacatering.com\/es\/wp-json\/wp\/v2\/posts\/2956\/revisions"}],"wp:featuredmedia":[{"embeddable":true,"href":"https:\/\/www.xertacatering.com\/es\/wp-json\/wp\/v2\/media\/2926"}],"wp:attachment":[{"href":"https:\/\/www.xertacatering.com\/es\/wp-json\/wp\/v2\/media?parent=2956"}],"wp:term":[{"taxonomy":"category","embeddable":true,"href":"https:\/\/www.xertacatering.com\/es\/wp-json\/wp\/v2\/categories?post=2956"},{"taxonomy":"post_tag","embeddable":true,"href":"https:\/\/www.xertacatering.com\/es\/wp-json\/wp\/v2\/tags?post=2956"}],"curies":[{"name":"wp","href":"https:\/\/api.w.org\/{rel}","templated":true}]}}