{"id":1915,"date":"2018-11-15T23:03:59","date_gmt":"2018-11-15T21:03:59","guid":{"rendered":"https:\/\/www.xertacatering.com\/catering-premis-ondas-2018\/"},"modified":"2019-07-16T19:06:24","modified_gmt":"2019-07-16T17:06:24","slug":"catering-premios-ondas-2018","status":"publish","type":"post","link":"https:\/\/www.xertacatering.com\/es\/catering-premios-ondas-2018\/","title":{"rendered":"Catering Premios Ondas 2018"},"content":{"rendered":"<p>[vc_row type=\u00bbin_container\u00bb full_screen_row_position=\u00bbmiddle\u00bb scene_position=\u00bbcenter\u00bb text_color=\u00bbdark\u00bb text_align=\u00bbleft\u00bb overlay_strength=\u00bb0.3&#8243; shape_divider_position=\u00bbbottom\u00bb bg_image_animation=\u00bbnone\u00bb][vc_column column_padding=\u00bbno-extra-padding\u00bb column_padding_position=\u00bball\u00bb background_color_opacity=\u00bb1&#8243; background_hover_color_opacity=\u00bb1&#8243; column_link_target=\u00bb_self\u00bb column_shadow=\u00bbnone\u00bb column_border_radius=\u00bbnone\u00bb width=\u00bb1\/1&#8243; tablet_width_inherit=\u00bbdefault\u00bb tablet_text_alignment=\u00bbdefault\u00bb phone_text_alignment=\u00bbdefault\u00bb column_border_width=\u00bbnone\u00bb column_border_style=\u00bbsolid\u00bb bg_image_animation=\u00bbnone\u00bb][vc_column_text]El pasado mi\u00e9rcoles 14 de noviembre el equipo de Villa Retiro liderado por el chef Fran L\u00f3pez se desplaz\u00f3 al Teatro Liceo de Barcelona para vivir muy de cerca uno de los eventos m\u00e1s importantes del sector de la comunicaci\u00f3n: los Premios Ondas 2018.<\/p>\n<p>Xerta Catering se ha encargado de ofrecer a todos los invitados un servicio de catering y bebida en el que no faltaron los productos t\u00edpicos de nuestro territorio. Y para ello cuenta como patrocinadores oficiales con <a href=\"https:\/\/www.sanmiguel.es\" target=\"_blank\" rel=\"noopener noreferrer\">San Miguel<\/a>, <a href=\"https:\/\/nomen.es\" target=\"_blank\" rel=\"noopener noreferrer\">Arroz Nomen<\/a> y el <a href=\"https:\/\/terresdelebre.travel\/\" target=\"_blank\" rel=\"noopener noreferrer\">Patronato de Turismo de las Tierras del Ebre<\/a>, y como colaboradores Marisc Mediterr\u00e1neo, <a href=\"http:\/\/www.quesoperfecto.com\/\" target=\"_blank\" rel=\"noopener noreferrer\">Queso Perfecto<\/a>, <a href=\"http:\/\/www.kenshosake.com\" target=\"_blank\" rel=\"noopener noreferrer\">Kensho Sake<\/a> y <a href=\"http:\/\/www.docava.es\" target=\"_blank\" rel=\"noopener noreferrer\">DO Cava<\/a>.[\/vc_column_text][\/vc_column][\/vc_row][vc_row type=\u00bbfull_width_background\u00bb full_screen_row_position=\u00bbmiddle\u00bb bg_color=\u00bb#ffffff\u00bb scene_position=\u00bbcenter\u00bb text_color=\u00bbdark\u00bb text_align=\u00bbleft\u00bb id=\u00bbgallery\u00bb overlay_strength=\u00bb0.3&#8243; shape_divider_position=\u00bbbottom\u00bb bg_image_animation=\u00bbnone\u00bb][vc_column column_padding=\u00bbno-extra-padding\u00bb column_padding_position=\u00bball\u00bb background_color_opacity=\u00bb1&#8243; background_hover_color_opacity=\u00bb1&#8243; column_link_target=\u00bb_self\u00bb column_shadow=\u00bbnone\u00bb column_border_radius=\u00bbnone\u00bb width=\u00bb1\/1&#8243; tablet_width_inherit=\u00bbdefault\u00bb tablet_text_alignment=\u00bbdefault\u00bb phone_text_alignment=\u00bbdefault\u00bb column_border_width=\u00bbnone\u00bb column_border_style=\u00bbsolid\u00bb bg_image_animation=\u00bbnone\u00bb][vc_gallery type=\u00bbimage_grid\u00bb images=\u00bb1493,1496,1490,1487,1484,1481,1478,1472,1475,1469&#8243; layout=\u00bb3&#8243; masonry_style=\u00bbtrue\u00bb bypass_image_cropping=\u00bbtrue\u00bb item_spacing=\u00bb4px\u00bb gallery_style=\u00bb7&#8243; load_in_animation=\u00bbfade_in_from_bottom\u00bb img_size=\u00bbfull\u00bb][\/vc_column][\/vc_row][vc_row type=\u00bbin_container\u00bb full_screen_row_position=\u00bbmiddle\u00bb scene_position=\u00bbcenter\u00bb text_color=\u00bbdark\u00bb text_align=\u00bbleft\u00bb overlay_strength=\u00bb0.3&#8243; shape_divider_position=\u00bbbottom\u00bb bg_image_animation=\u00bbnone\u00bb][vc_column column_padding=\u00bbno-extra-padding\u00bb column_padding_position=\u00bball\u00bb background_color_opacity=\u00bb1&#8243; background_hover_color_opacity=\u00bb1&#8243; column_link_target=\u00bb_self\u00bb column_shadow=\u00bbnone\u00bb column_border_radius=\u00bbnone\u00bb top_margin=\u00bb5%\u00bb width=\u00bb1\/1&#8243; tablet_width_inherit=\u00bbdefault\u00bb tablet_text_alignment=\u00bbdefault\u00bb phone_text_alignment=\u00bbdefault\u00bb column_border_width=\u00bbnone\u00bb column_border_style=\u00bbsolid\u00bb bg_image_animation=\u00bbnone\u00bb][vc_raw_html]JTNDaWZyYW1lJTIwc3JjJTNEJTIyaHR0cHMlM0ElMkYlMkZ3d3cuZmFjZWJvb2suY29tJTJGcGx1Z2lucyUyRnZpZGVvLnBocCUzRmhyZWYlM0RodHRwcyUyNTNBJTI1MkYlMjUyRnd3dy5mYWNlYm9vay5jb20lMjUyRmZyYW5sb3BlemNoZWYlMjUyRnZpZGVvcyUyNTJGNTU3NzYxNTQ0NzAyNjg2JTI1MkYlMjZzaG93X3RleHQlM0QxJTI2d2lkdGglM0Q1NjAlMjIlMjB3aWR0aCUzRCUyMjU2MCUyMiUyMGhlaWdodCUzRCUyMjM3MCUyMiUyMHN0eWxlJTNEJTIyYm9yZGVyJTNBbm9uZSUzQm92ZXJmbG93JTNBaGlkZGVuJTIyJTIwc2Nyb2xsaW5nJTNEJTIybm8lMjIlMjBmcmFtZWJvcmRlciUzRCUyMjAlMjIlMjBhbGxvd1RyYW5zcGFyZW5jeSUzRCUyMnRydWUlMjIlMjBhbGxvdyUzRCUyMmVuY3J5cHRlZC1tZWRpYSUyMiUyMGFsbG93RnVsbFNjcmVlbiUzRCUyMnRydWUlMjIlM0UlM0MlMkZpZnJhbWUlM0U=[\/vc_raw_html][\/vc_column][\/vc_row]<\/p>\n","protected":false},"excerpt":{"rendered":"<p>[vc_row type=\u00bbin_container\u00bb full_screen_row_position=\u00bbmiddle\u00bb scene_position=\u00bbcenter\u00bb text_color=\u00bbdark\u00bb text_align=\u00bbleft\u00bb overlay_strength=\u00bb0.3&#8243; shape_divider_position=\u00bbbottom\u00bb bg_image_animation=\u00bbnone\u00bb][vc_column column_padding=\u00bbno-extra-padding\u00bb column_padding_position=\u00bball\u00bb background_color_opacity=\u00bb1&#8243; background_hover_color_opacity=\u00bb1&#8243; column_link_target=\u00bb_self\u00bb column_shadow=\u00bbnone\u00bb column_border_radius=\u00bbnone\u00bb width=\u00bb1\/1&#8243; tablet_width_inherit=\u00bbdefault\u00bb tablet_text_alignment=\u00bbdefault\u00bb phone_text_alignment=\u00bbdefault\u00bb column_border_width=\u00bbnone\u00bb column_border_style=\u00bbsolid\u00bb bg_image_animation=\u00bbnone\u00bb][vc_column_text]El pasado mi\u00e9rcoles 14 de noviembre el equipo de Villa Retiro liderado por el chef Fran L\u00f3pez se desplaz\u00f3 al Teatro Liceo de Barcelona para vivir muy de cerca uno de los eventos&#8230;<\/p>\n","protected":false},"author":1,"featured_media":1693,"comment_status":"closed","ping_status":"open","sticky":false,"template":"","format":"standard","meta":{"inline_featured_image":false,"_monsterinsights_skip_tracking":false,"_monsterinsights_sitenote_active":false,"_monsterinsights_sitenote_note":"","_monsterinsights_sitenote_category":0,"footnotes":""},"categories":[130],"tags":[131,132,133,134],"class_list":["post-1915","post","type-post","status-publish","format-standard","has-post-thumbnail","hentry","category-barcelona-es-2","tag-barcelona-es-2","tag-catering-es-2","tag-premis-ondas-es-2","tag-xef-fran-lopez-es-2"],"yoast_head":"<!-- This site is optimized with the Yoast SEO plugin v26.9 - https:\/\/yoast.com\/product\/yoast-seo-wordpress\/ -->\n<title>Catering Premios Ondas 2018 - Xerta Catering<\/title>\n<meta name=\"robots\" content=\"index, follow, max-snippet:-1, max-image-preview:large, max-video-preview:-1\" \/>\n<link rel=\"canonical\" href=\"https:\/\/www.xertacatering.com\/catering-premis-ondas-2018\/\" \/>\n<meta property=\"og:locale\" content=\"es_ES\" \/>\n<meta property=\"og:type\" content=\"article\" \/>\n<meta property=\"og:title\" content=\"Catering Premios Ondas 2018 - Xerta Catering\" \/>\n<meta property=\"og:description\" content=\"[vc_row type=\u00bbin_container\u00bb full_screen_row_position=\u00bbmiddle\u00bb scene_position=\u00bbcenter\u00bb text_color=\u00bbdark\u00bb text_align=\u00bbleft\u00bb overlay_strength=\u00bb0.3&#8243; shape_divider_position=\u00bbbottom\u00bb bg_image_animation=\u00bbnone\u00bb][vc_column column_padding=\u00bbno-extra-padding\u00bb column_padding_position=\u00bball\u00bb background_color_opacity=\u00bb1&#8243; background_hover_color_opacity=\u00bb1&#8243; column_link_target=\u00bb_self\u00bb column_shadow=\u00bbnone\u00bb column_border_radius=\u00bbnone\u00bb width=\u00bb1\/1&#8243; tablet_width_inherit=\u00bbdefault\u00bb tablet_text_alignment=\u00bbdefault\u00bb phone_text_alignment=\u00bbdefault\u00bb column_border_width=\u00bbnone\u00bb column_border_style=\u00bbsolid\u00bb bg_image_animation=\u00bbnone\u00bb][vc_column_text]El pasado mi\u00e9rcoles 14 de noviembre el equipo de Villa Retiro liderado por el chef Fran L\u00f3pez se desplaz\u00f3 al Teatro Liceo de Barcelona para vivir muy de cerca uno de los eventos...\" \/>\n<meta property=\"og:url\" content=\"https:\/\/www.xertacatering.com\/catering-premis-ondas-2018\/\" \/>\n<meta property=\"og:site_name\" content=\"Xerta Catering\" \/>\n<meta property=\"article:published_time\" content=\"2018-11-15T21:03:59+00:00\" \/>\n<meta property=\"article:modified_time\" content=\"2019-07-16T17:06:24+00:00\" \/>\n<meta property=\"og:image\" content=\"https:\/\/www.xertacatering.com\/wp-content\/uploads\/2018\/11\/premios-ondas-2018-catering-barcelona-chef-fran-lopez.jpg\" \/>\n\t<meta property=\"og:image:width\" content=\"1080\" \/>\n\t<meta property=\"og:image:height\" content=\"720\" \/>\n\t<meta property=\"og:image:type\" content=\"image\/jpeg\" \/>\n<meta name=\"author\" content=\"Xerta Catering\" \/>\n<meta name=\"twitter:card\" content=\"summary_large_image\" \/>\n<meta name=\"twitter:label1\" content=\"Escrito por\" \/>\n\t<meta name=\"twitter:data1\" content=\"Xerta Catering\" \/>\n\t<meta name=\"twitter:label2\" content=\"Tiempo de lectura\" \/>\n\t<meta name=\"twitter:data2\" content=\"2 minutos\" \/>\n<script type=\"application\/ld+json\" class=\"yoast-schema-graph\">{\"@context\":\"https:\/\/schema.org\",\"@graph\":[{\"@type\":\"Article\",\"@id\":\"https:\/\/www.xertacatering.com\/catering-premis-ondas-2018\/#article\",\"isPartOf\":{\"@id\":\"https:\/\/www.xertacatering.com\/catering-premis-ondas-2018\/\"},\"author\":{\"name\":\"Xerta Catering\",\"@id\":\"https:\/\/www.xertacatering.com\/#\/schema\/person\/7c10c4b3d585842bbb9d9e982f5b0e51\"},\"headline\":\"Catering Premios Ondas 2018\",\"datePublished\":\"2018-11-15T21:03:59+00:00\",\"dateModified\":\"2019-07-16T17:06:24+00:00\",\"mainEntityOfPage\":{\"@id\":\"https:\/\/www.xertacatering.com\/catering-premis-ondas-2018\/\"},\"wordCount\":471,\"image\":{\"@id\":\"https:\/\/www.xertacatering.com\/catering-premis-ondas-2018\/#primaryimage\"},\"thumbnailUrl\":\"https:\/\/www.xertacatering.com\/wp-content\/uploads\/2018\/11\/premios-ondas-2018-catering-barcelona-chef-fran-lopez.jpg\",\"keywords\":[\"Barcelona\",\"catering\",\"Premis Ondas\",\"xef Fran L\u00f3pez\"],\"articleSection\":[\"Barcelona\"],\"inLanguage\":\"es\"},{\"@type\":\"WebPage\",\"@id\":\"https:\/\/www.xertacatering.com\/catering-premis-ondas-2018\/\",\"url\":\"https:\/\/www.xertacatering.com\/catering-premis-ondas-2018\/\",\"name\":\"Catering Premios Ondas 2018 - Xerta Catering\",\"isPartOf\":{\"@id\":\"https:\/\/www.xertacatering.com\/#website\"},\"primaryImageOfPage\":{\"@id\":\"https:\/\/www.xertacatering.com\/catering-premis-ondas-2018\/#primaryimage\"},\"image\":{\"@id\":\"https:\/\/www.xertacatering.com\/catering-premis-ondas-2018\/#primaryimage\"},\"thumbnailUrl\":\"https:\/\/www.xertacatering.com\/wp-content\/uploads\/2018\/11\/premios-ondas-2018-catering-barcelona-chef-fran-lopez.jpg\",\"datePublished\":\"2018-11-15T21:03:59+00:00\",\"dateModified\":\"2019-07-16T17:06:24+00:00\",\"author\":{\"@id\":\"https:\/\/www.xertacatering.com\/#\/schema\/person\/7c10c4b3d585842bbb9d9e982f5b0e51\"},\"breadcrumb\":{\"@id\":\"https:\/\/www.xertacatering.com\/catering-premis-ondas-2018\/#breadcrumb\"},\"inLanguage\":\"es\",\"potentialAction\":[{\"@type\":\"ReadAction\",\"target\":[\"https:\/\/www.xertacatering.com\/catering-premis-ondas-2018\/\"]}]},{\"@type\":\"ImageObject\",\"inLanguage\":\"es\",\"@id\":\"https:\/\/www.xertacatering.com\/catering-premis-ondas-2018\/#primaryimage\",\"url\":\"https:\/\/www.xertacatering.com\/wp-content\/uploads\/2018\/11\/premios-ondas-2018-catering-barcelona-chef-fran-lopez.jpg\",\"contentUrl\":\"https:\/\/www.xertacatering.com\/wp-content\/uploads\/2018\/11\/premios-ondas-2018-catering-barcelona-chef-fran-lopez.jpg\",\"width\":1080,\"height\":720,\"caption\":\"premios ondas 2018 catering barcelona chef fran lopez\"},{\"@type\":\"BreadcrumbList\",\"@id\":\"https:\/\/www.xertacatering.com\/catering-premis-ondas-2018\/#breadcrumb\",\"itemListElement\":[{\"@type\":\"ListItem\",\"position\":1,\"name\":\"Portada\",\"item\":\"https:\/\/www.xertacatering.com\/es\/\"},{\"@type\":\"ListItem\",\"position\":2,\"name\":\"Catering Premios Ondas 2018\"}]},{\"@type\":\"WebSite\",\"@id\":\"https:\/\/www.xertacatering.com\/#website\",\"url\":\"https:\/\/www.xertacatering.com\/\",\"name\":\"Xerta Catering\",\"description\":\"Gastronom\u00eda y servicio con Estrella Michelin\",\"potentialAction\":[{\"@type\":\"SearchAction\",\"target\":{\"@type\":\"EntryPoint\",\"urlTemplate\":\"https:\/\/www.xertacatering.com\/?s={search_term_string}\"},\"query-input\":{\"@type\":\"PropertyValueSpecification\",\"valueRequired\":true,\"valueName\":\"search_term_string\"}}],\"inLanguage\":\"es\"},{\"@type\":\"Person\",\"@id\":\"https:\/\/www.xertacatering.com\/#\/schema\/person\/7c10c4b3d585842bbb9d9e982f5b0e51\",\"name\":\"Xerta Catering\",\"url\":\"https:\/\/www.xertacatering.com\/es\/author\/villaretiro\/\"}]}<\/script>\n<!-- \/ Yoast SEO plugin. -->","yoast_head_json":{"title":"Catering Premios Ondas 2018 - Xerta Catering","robots":{"index":"index","follow":"follow","max-snippet":"max-snippet:-1","max-image-preview":"max-image-preview:large","max-video-preview":"max-video-preview:-1"},"canonical":"https:\/\/www.xertacatering.com\/catering-premis-ondas-2018\/","og_locale":"es_ES","og_type":"article","og_title":"Catering Premios Ondas 2018 - Xerta Catering","og_description":"[vc_row type=\u00bbin_container\u00bb full_screen_row_position=\u00bbmiddle\u00bb scene_position=\u00bbcenter\u00bb text_color=\u00bbdark\u00bb text_align=\u00bbleft\u00bb overlay_strength=\u00bb0.3&#8243; shape_divider_position=\u00bbbottom\u00bb bg_image_animation=\u00bbnone\u00bb][vc_column column_padding=\u00bbno-extra-padding\u00bb column_padding_position=\u00bball\u00bb background_color_opacity=\u00bb1&#8243; background_hover_color_opacity=\u00bb1&#8243; column_link_target=\u00bb_self\u00bb column_shadow=\u00bbnone\u00bb column_border_radius=\u00bbnone\u00bb width=\u00bb1\/1&#8243; tablet_width_inherit=\u00bbdefault\u00bb tablet_text_alignment=\u00bbdefault\u00bb phone_text_alignment=\u00bbdefault\u00bb column_border_width=\u00bbnone\u00bb column_border_style=\u00bbsolid\u00bb bg_image_animation=\u00bbnone\u00bb][vc_column_text]El pasado mi\u00e9rcoles 14 de noviembre el equipo de Villa Retiro liderado por el chef Fran L\u00f3pez se desplaz\u00f3 al Teatro Liceo de Barcelona para vivir muy de cerca uno de los eventos...","og_url":"https:\/\/www.xertacatering.com\/catering-premis-ondas-2018\/","og_site_name":"Xerta Catering","article_published_time":"2018-11-15T21:03:59+00:00","article_modified_time":"2019-07-16T17:06:24+00:00","og_image":[{"width":1080,"height":720,"url":"https:\/\/www.xertacatering.com\/wp-content\/uploads\/2018\/11\/premios-ondas-2018-catering-barcelona-chef-fran-lopez.jpg","type":"image\/jpeg"}],"author":"Xerta Catering","twitter_card":"summary_large_image","twitter_misc":{"Escrito por":"Xerta Catering","Tiempo de lectura":"2 minutos"},"schema":{"@context":"https:\/\/schema.org","@graph":[{"@type":"Article","@id":"https:\/\/www.xertacatering.com\/catering-premis-ondas-2018\/#article","isPartOf":{"@id":"https:\/\/www.xertacatering.com\/catering-premis-ondas-2018\/"},"author":{"name":"Xerta Catering","@id":"https:\/\/www.xertacatering.com\/#\/schema\/person\/7c10c4b3d585842bbb9d9e982f5b0e51"},"headline":"Catering Premios Ondas 2018","datePublished":"2018-11-15T21:03:59+00:00","dateModified":"2019-07-16T17:06:24+00:00","mainEntityOfPage":{"@id":"https:\/\/www.xertacatering.com\/catering-premis-ondas-2018\/"},"wordCount":471,"image":{"@id":"https:\/\/www.xertacatering.com\/catering-premis-ondas-2018\/#primaryimage"},"thumbnailUrl":"https:\/\/www.xertacatering.com\/wp-content\/uploads\/2018\/11\/premios-ondas-2018-catering-barcelona-chef-fran-lopez.jpg","keywords":["Barcelona","catering","Premis Ondas","xef Fran L\u00f3pez"],"articleSection":["Barcelona"],"inLanguage":"es"},{"@type":"WebPage","@id":"https:\/\/www.xertacatering.com\/catering-premis-ondas-2018\/","url":"https:\/\/www.xertacatering.com\/catering-premis-ondas-2018\/","name":"Catering Premios Ondas 2018 - Xerta Catering","isPartOf":{"@id":"https:\/\/www.xertacatering.com\/#website"},"primaryImageOfPage":{"@id":"https:\/\/www.xertacatering.com\/catering-premis-ondas-2018\/#primaryimage"},"image":{"@id":"https:\/\/www.xertacatering.com\/catering-premis-ondas-2018\/#primaryimage"},"thumbnailUrl":"https:\/\/www.xertacatering.com\/wp-content\/uploads\/2018\/11\/premios-ondas-2018-catering-barcelona-chef-fran-lopez.jpg","datePublished":"2018-11-15T21:03:59+00:00","dateModified":"2019-07-16T17:06:24+00:00","author":{"@id":"https:\/\/www.xertacatering.com\/#\/schema\/person\/7c10c4b3d585842bbb9d9e982f5b0e51"},"breadcrumb":{"@id":"https:\/\/www.xertacatering.com\/catering-premis-ondas-2018\/#breadcrumb"},"inLanguage":"es","potentialAction":[{"@type":"ReadAction","target":["https:\/\/www.xertacatering.com\/catering-premis-ondas-2018\/"]}]},{"@type":"ImageObject","inLanguage":"es","@id":"https:\/\/www.xertacatering.com\/catering-premis-ondas-2018\/#primaryimage","url":"https:\/\/www.xertacatering.com\/wp-content\/uploads\/2018\/11\/premios-ondas-2018-catering-barcelona-chef-fran-lopez.jpg","contentUrl":"https:\/\/www.xertacatering.com\/wp-content\/uploads\/2018\/11\/premios-ondas-2018-catering-barcelona-chef-fran-lopez.jpg","width":1080,"height":720,"caption":"premios ondas 2018 catering barcelona chef fran lopez"},{"@type":"BreadcrumbList","@id":"https:\/\/www.xertacatering.com\/catering-premis-ondas-2018\/#breadcrumb","itemListElement":[{"@type":"ListItem","position":1,"name":"Portada","item":"https:\/\/www.xertacatering.com\/es\/"},{"@type":"ListItem","position":2,"name":"Catering Premios Ondas 2018"}]},{"@type":"WebSite","@id":"https:\/\/www.xertacatering.com\/#website","url":"https:\/\/www.xertacatering.com\/","name":"Xerta Catering","description":"Gastronom\u00eda y servicio con Estrella Michelin","potentialAction":[{"@type":"SearchAction","target":{"@type":"EntryPoint","urlTemplate":"https:\/\/www.xertacatering.com\/?s={search_term_string}"},"query-input":{"@type":"PropertyValueSpecification","valueRequired":true,"valueName":"search_term_string"}}],"inLanguage":"es"},{"@type":"Person","@id":"https:\/\/www.xertacatering.com\/#\/schema\/person\/7c10c4b3d585842bbb9d9e982f5b0e51","name":"Xerta Catering","url":"https:\/\/www.xertacatering.com\/es\/author\/villaretiro\/"}]}},"_links":{"self":[{"href":"https:\/\/www.xertacatering.com\/es\/wp-json\/wp\/v2\/posts\/1915","targetHints":{"allow":["GET"]}}],"collection":[{"href":"https:\/\/www.xertacatering.com\/es\/wp-json\/wp\/v2\/posts"}],"about":[{"href":"https:\/\/www.xertacatering.com\/es\/wp-json\/wp\/v2\/types\/post"}],"author":[{"embeddable":true,"href":"https:\/\/www.xertacatering.com\/es\/wp-json\/wp\/v2\/users\/1"}],"replies":[{"embeddable":true,"href":"https:\/\/www.xertacatering.com\/es\/wp-json\/wp\/v2\/comments?post=1915"}],"version-history":[{"count":0,"href":"https:\/\/www.xertacatering.com\/es\/wp-json\/wp\/v2\/posts\/1915\/revisions"}],"wp:featuredmedia":[{"embeddable":true,"href":"https:\/\/www.xertacatering.com\/es\/wp-json\/wp\/v2\/media\/1693"}],"wp:attachment":[{"href":"https:\/\/www.xertacatering.com\/es\/wp-json\/wp\/v2\/media?parent=1915"}],"wp:term":[{"taxonomy":"category","embeddable":true,"href":"https:\/\/www.xertacatering.com\/es\/wp-json\/wp\/v2\/categories?post=1915"},{"taxonomy":"post_tag","embeddable":true,"href":"https:\/\/www.xertacatering.com\/es\/wp-json\/wp\/v2\/tags?post=1915"}],"curies":[{"name":"wp","href":"https:\/\/api.w.org\/{rel}","templated":true}]}}